		{"id":2086,"date":"2021-03-05T11:37:08","date_gmt":"2021-03-05T17:37:08","guid":{"rendered":"https:\/\/idesaa.edu.mx\/blog\/?p=2086"},"modified":"2022-12-27T19:59:59","modified_gmt":"2022-12-28T01:59:59","slug":"talento-innato-suerte-o-esforzarte-cada-dia-para-tener-exito","status":"publish","type":"post","link":"https:\/\/idesaa.edu.mx\/blog\/talento-innato-suerte-o-esforzarte-cada-dia-para-tener-exito\/","title":{"rendered":"\u00bfTalento innato, suerte, o esforzarte cada d\u00eda para tener \u00e9xito?"},"content":{"rendered":"<p><span style=\"color: #000000;\">Si de joven sol\u00edas escuchar que te dec\u00edan \u201ceres inteligente\u201d seguro eras de los que obten\u00edan calificaciones de 9 o 10 en los ex\u00e1menes y tareas de la escuela; en cambio, tener malos resultados por lo general equival\u00eda a fracaso.<\/span><br \/>\n<span style=\"color: #000000;\">&nbsp;<\/span><br \/>\n<span style=\"color: #000000;\">Con el tiempo, en al \u00e1mbito laboral, te has dado cuenta que no todos los que obten\u00edan buenas notas sobresalen profesionalmente. En cambio, algunas personas que no eran brillantes hoy tienen \u00e9xito. Quiz\u00e1 porque poseen un carisma personal innato, tal vez se distinguen en cierto tema especializado de alto valor, probablemente tengan buenas amistades o buena suerte, entre otras razones.<\/span><br \/>\n<span style=\"color: #000000;\">&nbsp;<\/span><br \/>\n<span style=\"color: #000000;\">Pero \u00bfqu\u00e9 pasa si eres de los que no necesariamente tiene ese talento innato para hacer negocios? \u00bfo si no cuentas con las relaciones que te ayuden a avanzar de una posici\u00f3n a otra para alcanzar la cumbre en el corto plazo?<\/span><br \/>\n<span style=\"color: #000000;\">&nbsp;<\/span><br \/>\n<span style=\"color: #000000;\">Ah, pues entonces perteneces a la gran mayor\u00eda de quienes&nbsp;<strong>debemos esforzarnos d\u00eda a d\u00eda<\/strong>&nbsp;para aumentar nuestras probabilidades de \u00e9xito. Y es claro que hay ciertas habilidades o destrezas que son dif\u00edciles de cuantificar y que son decisivas para destacar.<\/span><br \/>\n<span style=\"color: #000000;\">&nbsp;<\/span><br \/>\n<span style=\"color: #000000;\">Por ejemplo, si mejoras tu inteligencia emocional seguro tendr\u00e1s interacciones de m\u00e1s calidad. De igual forma, una buena comunicaci\u00f3n te ayudar\u00e1 a hacer un trabajo mucho m\u00e1s fluido. \u00bfY qu\u00e9 pasa si mejoras tus habilidades de pensamiento, tu capacidad de trabajar en equipo, de negociar, de lidiar con conflictos? O bien, si eres jefe de un grupo de personas y fortaleces tu capacidad para solucionar problemas o liderar mejor a tu equipo.&nbsp;<strong>Seguro te ir\u00e1 mejor<\/strong>.<\/span><br \/>\n<span style=\"color: #000000;\">&nbsp;<\/span><br \/>\n<span style=\"color: #000000;\">Puedes darte cuenta de que las capacidades mencionadas, sin excepci\u00f3n, son de inter\u00e9s universal. Todas son importantes y adem\u00e1s las puedes transferir a cualquier tarea o puesto.<\/span><br \/>\n<span style=\"color: #000000;\">&nbsp;<\/span><br \/>\n<span style=\"color: #000000;\">\u00bfY c\u00f3mo puedes mejorar? Con&nbsp;<strong>esfuerzos deliberados<\/strong>. El crecimiento en cada una de esas capacidades no es fruto de la casualidad. Capac\u00edtate, lee art\u00edculos de revistas y libros de alto nivel, participa en actividades de trabajo con gente experta. No basta asistir a conferencias motivacionales o leer libros de superaci\u00f3n personal. Detr\u00e1s de cada una de esas habilidades hay m\u00e9todos que debes aprender.&nbsp;<\/span><br \/>\n<span style=\"color: #000000;\">&nbsp;<\/span><br \/>\n<span style=\"color: #000000;\">Haz un plan para mejorar en todas esas capacidades, diferentes entre s\u00ed, pero complementarias. No hay pierde, el resultado final es que vas a crecer en lo personal y profesional.<\/span><\/p>\n<p><span style=\"color: #000000;\">&#8211; Ren\u00e9 Mena Seifert<\/span><\/p>\n<div class=\"cta\">\n<div>\n\t\t<img decoding=\"async\" src=\"https:\/\/idesaa.edu.mx\/blog\/wp-content\/uploads\/2022\/12\/img_cta.webp\"><\/div>\n<div>\n<h4>\u00a1Suscr\u00edbete<br \/>\na nuestro blog!<\/h4>\n<p>Recibe de manera semanal art\u00edculos con temas para hacer m\u00e1s efectiva la Capacitaci\u00f3n y Desarrollo de tu empresa.<\/p>\n<p><span onclick=\"modal()\">Continuar<\/span><\/p>\n<\/div>\n<\/div>\n<hr>\n<p><span style=\"color: #000080;\"><strong>Conoce al autor:<\/strong><\/span><\/p>\n<p><span style=\"color: #000080;\"><strong><img loading=\"lazy\" decoding=\"async\" class=\"wp-image-506 alignleft\" src=\"https:\/\/idesaa.edu.mx\/blog\/wp-content\/uploads\/2018\/05\/ReneMena.png\" alt=\"Rene Mena Seifert\" width=\"99\" height=\"99\"><\/strong><\/span><\/p>\n<p><span style=\"color: #000000;\"><span style=\"color: #000080;\"><strong>Ren\u00e9 Mena Seifert<\/strong>&nbsp;<\/span>es creador, fundador y CEO de IDESAA, TRUE e-Learning y del Foro Pro-Talento Empresarial. Su especialidad es el dise\u00f1o e implementaci\u00f3n de soluciones de negocio basadas en proyectos de capacitaci\u00f3n y desarrollo de talento hechos a la medida de las empresas.<\/span><\/p>\n","protected":false},"excerpt":{"rendered":"<p>Si de joven sol\u00edas escuchar que te dec\u00edan \u201ceres inteligente\u201d seguro eras de los que obten\u00edan calificaciones de 9 o 10 en los ex\u00e1menes y tareas de la escuela; en cambio, tener malos resultados por lo general equival\u00eda a fracaso. &nbsp; Con el tiempo, en al \u00e1mbito laboral, te has dado cuenta que no todos [&hellip;]<\/p>\n","protected":false},"author":2,"featured_media":0,"comment_status":"closed","ping_status":"closed","sticky":false,"template":"","format":"standard","meta":{"footnotes":""},"categories":[587],"tags":[],"class_list":["post-2086","post","type-post","status-publish","format-standard","hentry","category-cartas-del-director"],"_links":{"self":[{"href":"https:\/\/idesaa.edu.mx\/blog\/wp-json\/wp\/v2\/posts\/2086","targetHints":{"allow":["GET"]}}],"collection":[{"href":"https:\/\/idesaa.edu.mx\/blog\/wp-json\/wp\/v2\/posts"}],"about":[{"href":"https:\/\/idesaa.edu.mx\/blog\/wp-json\/wp\/v2\/types\/post"}],"author":[{"embeddable":true,"href":"https:\/\/idesaa.edu.mx\/blog\/wp-json\/wp\/v2\/users\/2"}],"replies":[{"embeddable":true,"href":"https:\/\/idesaa.edu.mx\/blog\/wp-json\/wp\/v2\/comments?post=2086"}],"version-history":[{"count":0,"href":"https:\/\/idesaa.edu.mx\/blog\/wp-json\/wp\/v2\/posts\/2086\/revisions"}],"wp:attachment":[{"href":"https:\/\/idesaa.edu.mx\/blog\/wp-json\/wp\/v2\/media?parent=2086"}],"wp:term":[{"taxonomy":"category","embeddable":true,"href":"https:\/\/idesaa.edu.mx\/blog\/wp-json\/wp\/v2\/categories?post=2086"},{"taxonomy":"post_tag","embeddable":true,"href":"https:\/\/idesaa.edu.mx\/blog\/wp-json\/wp\/v2\/tags?post=2086"}],"curies":[{"name":"wp","href":"https:\/\/api.w.org\/{rel}","templated":true}]}}