		{"id":2216,"date":"2022-01-17T11:57:11","date_gmt":"2022-01-17T17:57:11","guid":{"rendered":"https:\/\/idesaa.edu.mx\/blog\/?p=2216"},"modified":"2025-06-04T19:05:33","modified_gmt":"2025-06-05T01:05:33","slug":"que-es-arquitectura-de-la-capacitacion","status":"publish","type":"post","link":"https:\/\/idesaa.edu.mx\/blog\/que-es-arquitectura-de-la-capacitacion\/","title":{"rendered":"\u00bfQu\u00e9 es Arquitectura de la Capacitaci\u00f3n?"},"content":{"rendered":"<p><span style=\"color: #000000;\">Uno de los servicios que ofrecemos en IDESAA es \u201c<a target=\"_blank\" href=\"https:\/\/idesaa.edu.mx\/arquitectura-de-capacitacion-empresarial.php\" class=\"enlaces-articulo\" rel=\"noopener\">Arquitectura de la Capacitaci\u00f3n<\/a>\u201d, y tal vez el t\u00e9rmino te parece familiar y puedes imaginar de qu\u00e9 se trata. A continuaci\u00f3n, explico qu\u00e9 consideramos en ese concepto y qu\u00e9 contiene un proyecto de este tipo.<\/span><\/p>\n<h2 style=\"font-size: 20px;\"><strong><span style=\"color: #000000;\">Igual que una casa, pero para Capacitaci\u00f3n<\/span><\/strong><\/h2>\n<p><span style=\"color: #000000;\">Para construir una casa que sea bella y funcional lo m\u00e1s acertado es recurrir a un arquitecto quien primero obtendr\u00e1 una comprensi\u00f3n profunda de lo que se desea. Esto implica trabajar en estrecha colaboraci\u00f3n en un proceso colaborativo e iterativo, para plantear ideas y luego hacer un dise\u00f1o moderno y de vanguardia que deje al cliente totalmente satisfecho, y que sea la gu\u00eda para llevar a cabo el proyecto.<\/span><\/p>\n<p><span style=\"color: #000000;\">De igual forma, en Capacitaci\u00f3n, ante cualquier reto, conviene concebir soluciones innovadoras plenamente integradas a la organizaci\u00f3n y adaptadas a los retos particulares de cada proyecto. El objetivo es crear el <a target=\"_blank\" href=\"https:\/\/idesaa.edu.mx\/blog\/disenos-instruccionales-creativos-y-experiencias-de-aprendizaje-memorables\/\" class=\"enlaces-articulo\" rel=\"noopener\">dise\u00f1o perfecto de la soluci\u00f3n<\/a>, optimizada con tecnolog\u00eda, e implementada eficaz y eficientemente.<\/span><\/p>\n<p><span style=\"color: #000000;\">Igual que en Arquitectura un proyecto puede abarcar un inmueble completo o solo un \u00e1rea en espec\u00edfico (una rec\u00e1mara, una sala de estar, etc.), as\u00ed un proyecto de Arquitectura de Capacitaci\u00f3n puede comprender uno o m\u00e1s elementos. En caso de requerirse un proyecto completo podr\u00eda abarcar al menos los siguientes servicios:<\/span><\/p>\n<h2 style=\"font-size: 20px;\"><strong><span style=\"color: #000000;\"><u>Estrategia de Capacitaci\u00f3n<\/u><\/span><\/strong><\/h2>\n<ul>\n<li><span style=\"color: #000000;\">Plan integral de capacitaci\u00f3n a la medida de la empresa y proyecci\u00f3n de su implementaci\u00f3n<\/span><\/li>\n<li><span style=\"color: #000000;\">Desarrollo de una cultura organizacional que apoye el crecimiento de cada persona<\/span><\/li>\n<li><span style=\"color: #000000;\">Evaluaci\u00f3n financiera de los proyectos de inversi\u00f3n en capacitaci\u00f3n<\/span><\/li>\n<\/ul>\n<h2 style=\"font-size: 20px;\"><strong><span style=\"color: #000000;\"><u>Crecimiento de cada colaborador de la empresa<\/u><\/span><\/strong><\/h2>\n<ul>\n<li><span style=\"color: #000000;\"><a target=\"_blank\" href=\"https:\/\/idesaa.edu.mx\/blog\/la-importancia-de-realizar-un-acertado-diagnostico-de-necesidades-de-capacitacion\/\" class=\"enlaces-articulo\" rel=\"noopener\">Identificaci\u00f3n de Necesidades de Capacitaci\u00f3n<\/a> a trav\u00e9s de un acertado Diagn\u00f3stico<\/span><\/li>\n<li><span style=\"color: #000000;\">Desarrollo de planes individuales que mejoren el desempe\u00f1o y favorezcan la retenci\u00f3n de la gente m\u00e1s valiosa<\/span><\/li>\n<li><span style=\"color: #000000;\">Dise\u00f1o de estrategias exitosas de <a target=\"_blank\" href=\"https:\/\/idesaa.edu.mx\/blog\/el-upskilling-y-reskilling-llegaron-para-quedarse-estrategias-para-capacitar-rapida-y-efectivamente-a-los-colaboradores\/\" class=\"enlaces-articulo\" rel=\"noopener\">Upskilling y Reskilling<\/a> en el Desarrollo de Talento<\/span><\/li>\n<\/ul>\n<h2 style=\"font-size: 20px;\"><strong><span style=\"color: #000000;\"><u>Dise\u00f1o de los programas de capacitaci\u00f3n y de las experiencias de aprendizaje<\/u><\/span><\/strong><\/h2>\n<ul>\n<li><span style=\"color: #000000;\">Dise\u00f1os Instruccionales creativos que ofrezcan experiencias de aprendizaje memorables<\/span><\/li>\n<li><span style=\"color: #000000;\"><a target=\"_blank\" href=\"https:\/\/idesaa.edu.mx\/blog\/curacion-de-contenidos-indispensable-en-el-futuro-de-la-capacitacion\/\" class=\"enlaces-articulo\" rel=\"noopener\">Creaci\u00f3n, curaci\u00f3n o adaptaci\u00f3n de Contenidos<\/a> para una capacitaci\u00f3n especializada y actualizada<\/span><\/li>\n<li><span style=\"color: #000000;\">Implementaci\u00f3n de la capacitaci\u00f3n cuidando cada detalle de log\u00edstica, asegurando una entrega exitosa<\/span><\/li>\n<\/ul>\n<h2 style=\"font-size: 20px;\"><strong><span style=\"color: #000000;\"><u>Incorporaci\u00f3n de nuevas formas de aprender y para acelerar el crecimiento de los colaboradores <\/u><\/span><\/strong><\/h2>\n<ul>\n<li><span style=\"color: #000000;\">Capacitaci\u00f3n e-learning y uso de plataformas LMS y tecnolog\u00edas educativas que permiten llegar a m\u00e1s colaboradores con mejores cursos y sin invertir m\u00e1s<\/span><\/li>\n<li><span style=\"color: #000000;\">Microlearning, Mobile Learning, Social Learning e Inteligencia Artificial para la integraci\u00f3n de la capacitaci\u00f3n al trabajo diario<\/span><\/li>\n<li><span style=\"color: #000000;\">Integraci\u00f3n de Gamificaci\u00f3n en capacitaci\u00f3n para desafiar a los participantes a crecer m\u00e1s a trav\u00e9s de juegos y retos<\/span><\/li>\n<\/ul>\n<h2 style=\"font-size: 20px;\"><strong><span style=\"color: #000000;\"><u>Medici\u00f3n para la mejora continua<\/u><\/span><\/strong><\/h2>\n<ul>\n<li><span style=\"color: #000000;\">Evaluaci\u00f3n de la capacitaci\u00f3n midiendo su impacto en el aprendizaje y la mejora de la calidad de trabajo<\/span><\/li>\n<li><span style=\"color: #000000;\">Creaci\u00f3n y control de un presupuesto financiero que minimice gastos, asegure el \u00e9xito de los programas y permita alcanzar las metas de la empresa.<\/span><\/li>\n<li><span style=\"color: #000000;\">Medici\u00f3n del retorno sobre la inversi\u00f3n (ROI) para demostrar beneficios y conseguir el apoyo para nuevos proyectos de la empresa<\/span><\/li>\n<\/ul>\n<p><span style=\"color: #000000;\">Un apunte importante: un arquitecto dise\u00f1a el concepto global, pero necesita un perito que haga los c\u00e1lculos estructurales, o quien realice el mejor sistema de iluminaci\u00f3n, es decir, requiere un equipo de expertos en cada \u00e1rea del proyecto. De la misma forma, en la Arquitectura de la Capacitaci\u00f3n la participaci\u00f3n de especialistas es importante para un buen dise\u00f1o y una buena soluci\u00f3n. Cuando la organizaci\u00f3n tiene un reto, los especialistas enriquecen los procesos y llevan la capacitaci\u00f3n a un nivel de resultados excepcional.<\/span><\/p>\n<p><span style=\"color: #000000;\">Por \u00faltimo, cabe mencionar que IDESAA tiene el expertise en Arquitectura y Dise\u00f1o de la Capacitaci\u00f3n que permite adaptar cualquier soluci\u00f3n de entrenamiento y desarrollo al reto particular de cada proyecto y de cada empresa.<\/span><\/p>\n<style>#promo-serv{background:url(https:\/\/idesaa.edu.mx\/imagenes\/blog-banner-arq-cap.webp);background-size:cover;background-position:top;background-repeat:no-repeat}@media screen and (max-width: 768px){#promo-serv{background:url(https:\/\/idesaa.edu.mx\/imagenes\/blog-banner-arq-cap-movil.webp);background-size:cover;background-position:center;background-repeat:no-repeat}}<\/style>\n<div id=\"promo-serv\">\n<div>\n<p>Conoce nuestro Servicio<\/p>\n<p><span>Arquitectura de<br \/>\nCapacitaci\u00f3n Empresarial<\/span><\/p>\n<p><a href=\"https:\/\/idesaa.edu.mx\/arquitectura-de-capacitacion-empresarial?utm_source=BLOG&amp;utm_medium=BLOG&amp;utm_campaign=BLOG_IDESAA&amp;utm_id=BLOG_IDESAA\">Me interesa<\/a><\/p>\n<\/div>\n<\/div>\n<hr class=\"separador\">\n<p><em>En IDESAA, por 30 a\u00f1os, hemos dise\u00f1ado y entregado soluciones de capacitaci\u00f3n y desarrollo, personalizadas y \u00fanicas para la empresa, que abordan sus retos y cumplen con sus objetivos particulares.<\/em><\/p>\n<p><em>\u00bfQuieres conocer casos de \u00e9xito de estas soluciones de capacitaci\u00f3n que han generado resultados contundentes? Ponte en contacto con nosotros si est\u00e1s buscando un experto de C&amp;D para aportar valor a los proyectos de tu empresa: <a href=\"https:\/\/idesaa.edu.mx\/arquitectura-de-capacitacion-empresarial.php\" id=\"enlace-cierres\">Arquitectura de Capacitaci\u00f3n Empresarial<\/a><\/em><\/p>\n<hr>\n<p><strong><span style=\"color: #000080;\">Conoce al autor:<\/span><\/strong><\/p>\n<p><span style=\"color: #000000;\"><strong><span style=\"color: #000080;\"><img loading=\"lazy\" decoding=\"async\" class=\"size-full wp-image-506 alignleft\" src=\"https:\/\/idesaa.edu.mx\/blog\/wp-content\/uploads\/2018\/05\/ReneMena.png\" alt=\"Rene Mena Seifert\" width=\"100\" height=\"100\">Ren\u00e9 Mena Seifert&nbsp;<\/span><\/strong>es creador, fundador y CEO de IDESAA, TRUE e-Learning y del Foro Pro-Talento Empresarial. Su especialidad es el dise\u00f1o e implementaci\u00f3n de soluciones de negocio basadas en proyectos de capacitaci\u00f3n y desarrollo de talento hechos a la medida de las empresas.<strong><span style=\"color: #000080;\"><br \/>\n<\/span><\/strong><\/span><\/p>\n","protected":false},"excerpt":{"rendered":"<p>Uno de los servicios que ofrecemos en IDESAA es \u201cArquitectura de la Capacitaci\u00f3n\u201d, y tal vez el t\u00e9rmino te parece familiar y puedes imaginar de qu\u00e9 se trata. A continuaci\u00f3n, explico qu\u00e9 consideramos en ese concepto y qu\u00e9 contiene un proyecto de este tipo. Igual que una casa, pero para Capacitaci\u00f3n Para construir una casa [&hellip;]<\/p>\n","protected":false},"author":2,"featured_media":2221,"comment_status":"closed","ping_status":"closed","sticky":false,"template":"","format":"standard","meta":{"footnotes":""},"categories":[703],"tags":[],"class_list":["post-2216","post","type-post","status-publish","format-standard","has-post-thumbnail","hentry","category-blog-desarrollo-profesional"],"_links":{"self":[{"href":"https:\/\/idesaa.edu.mx\/blog\/wp-json\/wp\/v2\/posts\/2216","targetHints":{"allow":["GET"]}}],"collection":[{"href":"https:\/\/idesaa.edu.mx\/blog\/wp-json\/wp\/v2\/posts"}],"about":[{"href":"https:\/\/idesaa.edu.mx\/blog\/wp-json\/wp\/v2\/types\/post"}],"author":[{"embeddable":true,"href":"https:\/\/idesaa.edu.mx\/blog\/wp-json\/wp\/v2\/users\/2"}],"replies":[{"embeddable":true,"href":"https:\/\/idesaa.edu.mx\/blog\/wp-json\/wp\/v2\/comments?post=2216"}],"version-history":[{"count":0,"href":"https:\/\/idesaa.edu.mx\/blog\/wp-json\/wp\/v2\/posts\/2216\/revisions"}],"wp:featuredmedia":[{"embeddable":true,"href":"https:\/\/idesaa.edu.mx\/blog\/wp-json\/wp\/v2\/media\/2221"}],"wp:attachment":[{"href":"https:\/\/idesaa.edu.mx\/blog\/wp-json\/wp\/v2\/media?parent=2216"}],"wp:term":[{"taxonomy":"category","embeddable":true,"href":"https:\/\/idesaa.edu.mx\/blog\/wp-json\/wp\/v2\/categories?post=2216"},{"taxonomy":"post_tag","embeddable":true,"href":"https:\/\/idesaa.edu.mx\/blog\/wp-json\/wp\/v2\/tags?post=2216"}],"curies":[{"name":"wp","href":"https:\/\/api.w.org\/{rel}","templated":true}]}}