		{"id":5099,"date":"2023-03-03T11:01:10","date_gmt":"2023-03-03T17:01:10","guid":{"rendered":"https:\/\/idesaa.edu.mx\/blog\/?p=5099"},"modified":"2025-12-10T11:03:48","modified_gmt":"2025-12-10T17:03:48","slug":"invertir-10-mas-en-capacitacion-para-obtener-100-mas-beneficios-para-la-empresa","status":"publish","type":"post","link":"https:\/\/idesaa.edu.mx\/blog\/invertir-10-mas-en-capacitacion-para-obtener-100-mas-beneficios-para-la-empresa\/","title":{"rendered":"Invertir 10% m\u00e1s en capacitaci\u00f3n para obtener 100% m\u00e1s beneficios para la empresa"},"content":{"rendered":"<p>Es com\u00fan que empresas medianas o grandes <a class=\"enlaces-articulo\" href=\"https:\/\/idesaa.edu.mx\/blog\/5-factores-clave-para-tener-exito-en-un-proyecto-de-capacitacion-de-alto-volumen-de-colaboradores-caso-de-exito\/\">capaciten a un alto volumen de personas<\/a> con el fin de lograr cierto objetivo espec\u00edfico.<\/p>\n<p>Supongamos el siguiente caso: la empresa necesita capacitar a 450 personas y los distribuye en 30 grupos de 15 personas cada uno. Decide que la duraci\u00f3n por grupo sea 8 horas para un total 240 horas. La empresa presupuesta invertir un mill\u00f3n de pesos incluyendo capacitaci\u00f3n en vivo y gastos extra como vi\u00e1ticos, renta de salas, entre otros.<\/p>\n<p>La empresa capacitar\u00e1 a supervisores, jefes y mandos medios con gente a su cargo en home office, y tiene como objetivo que desarrollen sus <a class=\"enlaces-articulo\" href=\"https:\/\/idesaa.edu.mx\/blog\/enfocate-en-el-desarrollo-de-habilidades-correctas-para-tus-colaboradores\/\">habilidades de liderazgo<\/a>, en particular la forma en que administran las tareas de los colaboradores y conducen las juntas de trabajo, teniendo como prop\u00f3sito final disminuir el \u00edndice de rotaci\u00f3n de personal.<\/p>\n<p>Aunque una empresa con alta cantidad de empleados tenga un presupuesto anual de desarrollo significativamente mayor, siempre estar\u00e1 buscando que cada peso gastado obtenga los beneficios esperados. En este caso la capacitaci\u00f3n pretende que cada l\u00edder aprenda a utilizar herramientas concretas para asignar responsables de cada actividad y determinar entregables y fechas, y con ello implementar mejoras en su \u00e1mbito laboral que lo conduzcan a optimizar procesos, eliminar actividades innecesarias, reducir tiempos, aumentar el impacto de mejoras, reasignar recursos y dar mejor seguimiento a las tareas y proyectos. Un trabajo mejor hecho y m\u00e1s organizado redundar\u00e1 en gente m\u00e1s motivada y disminuci\u00f3n de la rotaci\u00f3n.<\/p>\n<p>\u00bfC\u00f3mo puede la empresa tener m\u00e1s beneficios de su proyecto de capacitaci\u00f3n? Presento dos escenarios, tambi\u00e9n hipot\u00e9ticos:<\/p>\n<table>\n<tbody>\n<tr>\n<td width=\"283\">\u00a0<\/td>\n<td width=\"161\">\n<p style=\"text-align: center;\"><u>Opci\u00f3n A<\/u><br \/>Solo capacitaci\u00f3n<\/p>\n<\/td>\n<td width=\"145\">\n<p style=\"text-align: center;\"><u>Opci\u00f3n B<\/u><\/p>\n<p style=\"text-align: center;\">Dise\u00f1o y capacitaci\u00f3n<\/p>\n<\/td>\n<\/tr>\n<tr>\n<td width=\"283\">\n<p>Inversi\u00f3n por 30 grupos<\/p>\n<\/td>\n<td width=\"161\">\n<p style=\"text-align: center;\">$1,000,0000<\/p>\n<\/td>\n<td width=\"145\">\n<p style=\"text-align: center;\">$1,000,000<\/p>\n<\/td>\n<\/tr>\n<tr>\n<td width=\"283\">\n<p>Dise\u00f1o a la medida<\/p>\n<\/td>\n<td width=\"161\">\n<p style=\"text-align: center;\">$0<\/p>\n<\/td>\n<td width=\"145\">\n<p style=\"text-align: center;\">$100,000<\/p>\n<\/td>\n<\/tr>\n<tr>\n<td width=\"283\">\n<p>Inversi\u00f3n total<\/p>\n<\/td>\n<td width=\"161\">\n<p style=\"text-align: center;\">$1,000,0000<\/p>\n<\/td>\n<td width=\"145\">\n<p style=\"text-align: center;\">$1,100,000<\/p>\n<\/td>\n<\/tr>\n<tr>\n<td width=\"283\">\n<p>Beneficios econ\u00f3micos por mejorar actividades del equipo y disminuir la rotaci\u00f3n<\/p>\n<\/td>\n<td width=\"161\">\n<p style=\"text-align: center;\">$2,000,000<\/p>\n<\/td>\n<td width=\"145\">\n<p style=\"text-align: center;\">$4,000,000<\/p>\n<\/td>\n<\/tr>\n<\/tbody>\n<\/table>\n<p>Como puede notarse en la tabla anterior la \u00fanica diferencia entre uno y otro es realizar un dise\u00f1o a la medida.<\/p>\n<p>\u00bfCu\u00e1les son algunos de los elementos que podr\u00eda contener ese dise\u00f1o? <br \/>\u2022 Determinaci\u00f3n precisa de las habilidades y aptitudes que deben de cambiar. <br \/>\u2022 <a class=\"enlaces-articulo\" href=\"https:\/\/idesaa.edu.mx\/blog\/crear-curar-o-adaptar-contenidos-una-necesidad\/\">Elaboraci\u00f3n de contenidos<\/a> especiales para lograr el objetivo. <br \/>\u2022 Dise\u00f1o instruccional justo a la medida para lograr los cambios en comportamiento deseados, y adaptar el programa a la cultura organizacional de la compa\u00f1\u00eda.<br \/>\u2022 Preparaci\u00f3n de ejemplos y casos de situaciones que suceden en el d\u00eda a d\u00eda de la empresa, con lo que los participantes se sientan identificados. <br \/>\u2022 Dise\u00f1o de c\u00e1psulas de <a class=\"enlaces-articulo\" href=\"https:\/\/idesaa.edu.mx\/blog\/preguntas-y-respuestas-como-comenzar-con-microlearning\/\">microlearning<\/a> que complementan la capacitaci\u00f3n y refuerzan los aprendizajes clave. <br \/>\u2022 Evaluaci\u00f3n que mida el aprendizaje y fomente mayor crecimiento de la persona (contrario a una evaluaci\u00f3n que solo reciba opiniones o que se utilice solo como instrumento de control).<\/p>\n<p>Por tanto, \u00bfvale la pena invertir un poco m\u00e1s para tener un dise\u00f1o especial? <br \/>Las empresas que han tomado esta decisi\u00f3n pueden atestiguar que, por supuesto que vale la pena, ya que han logrado el doble de beneficios econ\u00f3micos y, por tanto, una alta rentabilidad.<\/p>\n<p>Lograr un dise\u00f1o eficaz no es sencillo. Apoyarse con expertos en capacitaci\u00f3n hace m\u00e1s viable lograrlo. Al fin y al cabo, lo importante es implementar proyectos de capacitaci\u00f3n que generen los resultados esperados.<\/p>\n<p><style>#promo-serv{background:url(https:\/\/idesaa.edu.mx\/imagenes\/blog-banner-arq-cap.webp);background-size:cover;background-position:top;background-repeat:no-repeat}@media screen and (max-width: 768px){#promo-serv{background:url(https:\/\/idesaa.edu.mx\/imagenes\/blog-banner-arq-cap-movil.webp);background-size:cover;background-position:center;background-repeat:no-repeat}}<\/style><\/p>\n<div id=\"promo-serv\">\n<div>\n<p>Conoce nuestro Servicio<\/p>\n<p>Arquitectura de<br \/>Capacitaci\u00f3n Empresarial<\/p>\n<p><a href=\"https:\/\/idesaa.edu.mx\/capacitacion-en-la-empresa?utm_source=BLOG&amp;utm_medium=BLOG&amp;utm_campaign=BLOG_IDESAA&amp;utm_id=BLOG_IDESAA\">Me interesa<\/a><\/p>\n<\/div>\n<\/div>\n<hr class=\"separador\" \/>\n<p><em>En IDESAA, por 30 a\u00f1os, hemos dise\u00f1ado y entregado soluciones de capacitaci\u00f3n y desarrollo, personalizadas y \u00fanicas para la empresa, que abordan sus retos y cumplen con sus objetivos particulares.<\/em><br \/><em>\u00bfQuieres conocer casos de \u00e9xito de estas soluciones de capacitaci\u00f3n que han generado resultados contundentes? Ponte en contacto con nosotros si est\u00e1s buscando un experto de C&amp;D para aportar valor a los proyectos de tu empresa: <a class=\"enlaces-articulo\" href=\"https:\/\/idesaa.edu.mx\/arquitectura-de-capacitacion-empresarial.php\">Arquitectura de Capacitaci\u00f3n Empresarial<\/a><\/em><\/p>\n<hr \/>\n<p><strong><span style=\"color: #000080;\">Conoce al autor:<\/span><\/strong><\/p>\n<p><span style=\"color: #000080;\"><strong><img loading=\"lazy\" decoding=\"async\" class=\"alignleft wp-image-7231\" src=\"https:\/\/idesaa.edu.mx\/blog\/wp-content\/uploads\/2025\/01\/img-autor-rene-m-289x300.webp\" alt=\"\" width=\"144\" height=\"150\" srcset=\"https:\/\/idesaa.edu.mx\/blog\/wp-content\/uploads\/2025\/01\/img-autor-rene-m-289x300.webp 289w, https:\/\/idesaa.edu.mx\/blog\/wp-content\/uploads\/2025\/01\/img-autor-rene-m-768x798.webp 768w, https:\/\/idesaa.edu.mx\/blog\/wp-content\/uploads\/2025\/01\/img-autor-rene-m.webp 900w\" sizes=\"auto, (max-width: 144px) 100vw, 144px\" \/>Ren\u00e9 Mena Seifert<\/strong><\/span> es creador, fundador y CEO de IDESAA, TRUE e-Learning y del Foro Pro-Talento Empresarial. Su especialidad es el dise\u00f1o e implementaci\u00f3n de soluciones de negocio basadas en proyectos de capacitaci\u00f3n y desarrollo de talento hechos a la medida de las empresas.<\/p>\n\n\n<p><\/p>\n","protected":false},"excerpt":{"rendered":"<p>Es com\u00fan que empresas medianas o grandes capaciten a un alto volumen de personas con el fin de lograr cierto objetivo espec\u00edfico. Supongamos el siguiente caso: la empresa necesita capacitar a 450 personas y los distribuye en 30 grupos de 15 personas cada uno. Decide que la duraci\u00f3n por grupo sea 8 horas para un [&hellip;]<\/p>\n","protected":false},"author":2,"featured_media":5100,"comment_status":"closed","ping_status":"closed","sticky":false,"template":"","format":"standard","meta":{"footnotes":""},"categories":[693],"tags":[12,527,563,9],"class_list":["post-5099","post","type-post","status-publish","format-standard","has-post-thumbnail","hentry","category-disena-las-estrategias","tag-capacitacion","tag-capacitacion-y-desarrollo","tag-capacitacion-y-desarrollo-de-talento","tag-competencias"],"_links":{"self":[{"href":"https:\/\/idesaa.edu.mx\/blog\/wp-json\/wp\/v2\/posts\/5099","targetHints":{"allow":["GET"]}}],"collection":[{"href":"https:\/\/idesaa.edu.mx\/blog\/wp-json\/wp\/v2\/posts"}],"about":[{"href":"https:\/\/idesaa.edu.mx\/blog\/wp-json\/wp\/v2\/types\/post"}],"author":[{"embeddable":true,"href":"https:\/\/idesaa.edu.mx\/blog\/wp-json\/wp\/v2\/users\/2"}],"replies":[{"embeddable":true,"href":"https:\/\/idesaa.edu.mx\/blog\/wp-json\/wp\/v2\/comments?post=5099"}],"version-history":[{"count":1,"href":"https:\/\/idesaa.edu.mx\/blog\/wp-json\/wp\/v2\/posts\/5099\/revisions"}],"predecessor-version":[{"id":7945,"href":"https:\/\/idesaa.edu.mx\/blog\/wp-json\/wp\/v2\/posts\/5099\/revisions\/7945"}],"wp:featuredmedia":[{"embeddable":true,"href":"https:\/\/idesaa.edu.mx\/blog\/wp-json\/wp\/v2\/media\/5100"}],"wp:attachment":[{"href":"https:\/\/idesaa.edu.mx\/blog\/wp-json\/wp\/v2\/media?parent=5099"}],"wp:term":[{"taxonomy":"category","embeddable":true,"href":"https:\/\/idesaa.edu.mx\/blog\/wp-json\/wp\/v2\/categories?post=5099"},{"taxonomy":"post_tag","embeddable":true,"href":"https:\/\/idesaa.edu.mx\/blog\/wp-json\/wp\/v2\/tags?post=5099"}],"curies":[{"name":"wp","href":"https:\/\/api.w.org\/{rel}","templated":true}]}}