		{"id":7795,"date":"2025-07-09T10:00:00","date_gmt":"2025-07-09T16:00:00","guid":{"rendered":"https:\/\/idesaa.edu.mx\/blog\/?p=7795"},"modified":"2025-12-11T13:17:21","modified_gmt":"2025-12-11T19:17:21","slug":"fortalece-el-ambiente-de-trabajo-con-el-roi-emocional-guia-de-campo-para-lideres","status":"publish","type":"post","link":"https:\/\/idesaa.edu.mx\/blog\/fortalece-el-ambiente-de-trabajo-con-el-roi-emocional-guia-de-campo-para-lideres\/","title":{"rendered":"Fortalece el ambiente de trabajo con el ROI emocional: gu\u00eda de campo para l\u00edderes"},"content":{"rendered":"<p>Cuando una empresa integra el ROI emocional en su estrategia de desarrollo, activa un ciclo positivo que influye directamente en el clima laboral. Adem\u00e1s, si cada l\u00edder reconoce, comunica y eval\u00faa el impacto emocional de la formaci\u00f3n en sus colaboradores,<\/p>\n<ul>\n<li>crea espacios donde las personas se sienten escuchadas y bien valoradas,<\/li>\n<li>fortalece la cohesi\u00f3n, la identidad del equipo y el sentido de prop\u00f3sito compartido, y<\/li>\n<li>promueve una <a style=\"color: #3366ff; text-decoration: underline;\" href=\"https:\/\/idesaa.edu.mx\/programas-de-capacitacion\/bienestar-personal-y-en-el-trabajo\">cultura de bienestar<\/a> y compromiso que se refleja en el entorno de trabajo.<\/li>\n<\/ul>\n<p>Este ambiente emocionalmente favorable mejora la experiencia de los colaboradores y la convierte en un activo valioso para atraer y retener talento, impulsar el desempe\u00f1o y consolidar una organizaci\u00f3n adaptable y humana.<\/p>\n<p>En 2022, Deloitte encuest\u00f3 a casi 4000 colaboradores en 12 industrias y hall\u00f3 que un entorno con alta salud mental laboral promueve un cambio significativo en actitudes y productividad. En contraste, el estudio tambi\u00e9n revel\u00f3 que el 22% de los colaboradores a\u00fan evitaban hablar del tema. Este hallazgo refuerza la necesidad de priorizar el ROI emocional como factor cr\u00edtico en la creaci\u00f3n de un clima laboral positivo y una cultura emocionalmente saludable.<\/p>\n<p>En esta gu\u00eda de campo, presentamos cinco pasos pr\u00e1cticos que los l\u00edderes y responsables de <a style=\"color: #3366ff; text-decoration: underline;\" href=\"https:\/\/idesaa.edu.mx\/programas-de-capacitacion\/bienestar-personal-y-en-el-trabajo\">Capital Humano<\/a> pueden emprender para activar el impacto emocional estrat\u00e9gico en la empresa:<\/p>\n<ol>\n<li><strong>Dise\u00f1a programas formativos y din\u00e1micas in situ con experiencias reales del equipo<\/strong><\/li>\n<\/ol>\n<p>Dialoga activamente con los l\u00edderes de \u00e1rea para conocer los desaf\u00edos emocionales de su d\u00eda a d\u00eda: estr\u00e9s por plazos, presi\u00f3n de clientes, relaciones tensas o incertidumbre interna o externa. Usa esos datos para personalizar casos, din\u00e1micas y ejemplos. Por ejemplo, si un equipo vive bajo presi\u00f3n constante por metas, incluye m\u00f3dulos de manejo de estr\u00e9s y tolerancia a la ambig\u00fcedad bajo la gu\u00eda del l\u00edder. As\u00ed, la capacitaci\u00f3n se convierte en una fuente de reconocimiento y apoyo emocional que potencia la confianza y el compromiso del equipo.<\/p>\n<ol start=\"2\">\n<li><strong>Establece espacios seguros para compartir experiencias emocionales<\/strong><\/li>\n<\/ol>\n<p>Reserva parte de tus sesiones para que las personas expresen c\u00f3mo se sienten en su rol. Integra preguntas como \u201c\u00bfqu\u00e9 emoci\u00f3n sientes cuando enfrentas un reto diario?\u201d o \u201c\u00bfqu\u00e9 apoyo necesitas de tu equipo?\u201d. Mientras un colaborador comparte al grupo su miedo ante una nueva responsabilidad, otro puede responder con historias de superaci\u00f3n profesional. Estas conversaciones refuerzan la empat\u00eda y la cohesi\u00f3n interna del equipo, componentes vitales en un ambiente laboral flexible y din\u00e1mico.<\/p>\n<ol start=\"3\">\n<li><strong>Reconoce en tiempo real la manifestaci\u00f3n de emociones positivas de los colaboradores<\/strong><\/li>\n<\/ol>\n<p>Durante la capacitaci\u00f3n, destaca siempre todo ejemplo de colaboraci\u00f3n, vulnerabilidad o celebraci\u00f3n genuina. Si un participante trabaja en una din\u00e1mica con empat\u00eda, el facilitador y el l\u00edder deben brindarle reconocimiento de inmediato. Esto refuerza el valor emocional del aprendizaje \u2014reflejado electroqu\u00edmicamente en circuitos y sinapsis neuronales persistentes\u2014 y, desde luego, contagia seguridad al resto. Celebra los avances emocionales del equipo. As\u00ed estimulas su motivaci\u00f3n y participaci\u00f3n continua.<\/p>\n<ol start=\"4\">\n<li><strong>Acompa\u00f1a a los colaboradores en la aplicaci\u00f3n de las herramientas emocionales<\/strong><\/li>\n<\/ol>\n<p>Organiza sesiones de seguimiento breves (semanales, quincenales o mensuales) donde los colaboradores compartan lo que han aplicado en su entorno y los beneficios que han experimentado. Coordina como l\u00edder reuniones individuales o en peque\u00f1os grupos. Si logras que el aprendizaje del equipo se traslade al trabajo, mantienes el impulso emocional, consolidas el cambio y refuerzas la cultura de apoyo. Tambi\u00e9n activas y aceleras el ciclo de aprender, aplicar, reflexionar y desaprender de modo permanente.<\/p>\n<ol start=\"5\">\n<li><strong>Mide y comunica los indicadores emocionales con datos y testimonios<\/strong><\/li>\n<\/ol>\n<p>Incluye en tus encuestas de reacci\u00f3n posteriores al programa formativo preguntas como \u201c\u00bfqu\u00e9 emoci\u00f3n predominante tuviste a lo largo del curso?\u201d, \u201c\u00bfqu\u00e9 lecci\u00f3n personal o profesional viviste?\u201d o \u201c\u00bfqu\u00e9 te llevas de valor emocional en esta experiencia de aprendizaje?\u201d. Preferentemente, dialoga con los participantes y extrae frases significativas de las entrevistas como \u201cme siento m\u00e1s apoyado por mi l\u00edder\u201d o \u201crecuper\u00e9 la motivaci\u00f3n en mi rol actual\u201d. Adem\u00e1s, puedes complementar tus resultados con datos de clima o estr\u00e9s, como los de Deloitte sobre salud mental. Finalmente, integra la informaci\u00f3n, gu\u00e1rdala en una base de conocimiento para futuras referencias y comp\u00e1rtela con l\u00edderes y direcci\u00f3n. As\u00ed, demostrar\u00e1s con evidencias reales los beneficios tangibles e intangibles en el ambiente laboral al mejorar el ROI emocional del equipo.<\/p>\n<p><em>Un liderazgo exitoso se basa en el equilibrio de capacidades profesionales y de bienestar personal, por ello, en IDESAA hemos creado programas de capacitaci\u00f3n que desarrollan soft skills imprescindibles para que los l\u00edderes impulsen su bienestar y el de su equipo, con mejores resultados para la empresa e impacto en la sociedad.<\/em><\/p>\n<p><em>Contacta a un asesor IDESAA para m\u00e1s informaci\u00f3n de soluciones de capacitaci\u00f3n -contacto-<\/em><\/p>\n<style>#promo-serv{background:url(https:\/\/idesaa.edu.mx\/imagenes\/blog-banner-arq-cap.webp);background-size:cover;background-position:top;background-repeat:no-repeat}@media screen and (max-width: 768px){#promo-serv{background:url(https:\/\/idesaa.edu.mx\/imagenes\/blog-banner-arq-cap-movil.webp);background-size:cover;background-position:center;background-repeat:no-repeat}}<\/style>\n<div id=\"promo-serv\">\n<div>\n<p>Conoce nuestro Servicio<\/p>\n<p>Arquitectura de<br \/>\nCapacitaci\u00f3n Empresarial<\/p>\n<p><a href=\"https:\/\/idesaa.edu.mx\/capacitacion-en-la-empresa?utm_source=BLOG&amp;utm_medium=BLOG&amp;utm_campaign=BLOG_IDESAA&amp;utm_id=BLOG_IDESAA\">Me interesa<\/a><\/p>\n<\/div>\n<\/div>\n<hr \/>\n<p><span style=\"color: #000080;\"><strong>Conoce al autor:<\/strong><\/span><\/p>\n<p><span style=\"color: #000080;\"><strong><img loading=\"lazy\" decoding=\"async\" class=\"alignleft wp-image-7232\" src=\"https:\/\/idesaa.edu.mx\/blog\/wp-content\/uploads\/2025\/01\/img-autor-rene-r-289x300.webp\" alt=\"\" width=\"144\" height=\"150\" srcset=\"https:\/\/idesaa.edu.mx\/blog\/wp-content\/uploads\/2025\/01\/img-autor-rene-r-289x300.webp 289w, https:\/\/idesaa.edu.mx\/blog\/wp-content\/uploads\/2025\/01\/img-autor-rene-r-768x798.webp 768w, https:\/\/idesaa.edu.mx\/blog\/wp-content\/uploads\/2025\/01\/img-autor-rene-r.webp 900w\" sizes=\"auto, (max-width: 144px) 100vw, 144px\" \/><\/strong><\/span><\/p>\n<p><span style=\"color: #000080;\"><strong>Ren\u00e9 C. Rangel Colmenero<\/strong> <\/span>es Director de Proyectos y Consultor de Negocios en IDESAA. Especialista en el desarrollo de proyectos de negocio e innovaci\u00f3n, enfocados en mejorar la competitividad, rentabilidad y crecimiento sustentable. Ha participado en diagn\u00f3sticos ejecutivos y en programas de liderazgo y desarrollo gerencial. Brinda asesor\u00eda directiva y coaching de negocio para la planeaci\u00f3n estrat\u00e9gica y la profesionalizaci\u00f3n de empresas comerciales, de servicio y de manufactura.<\/p>\n","protected":false},"excerpt":{"rendered":"<p>Cuando una empresa integra el ROI emocional en su estrategia de desarrollo, activa un ciclo positivo que influye directamente en el clima laboral. Adem\u00e1s, si cada l\u00edder reconoce, comunica y eval\u00faa el impacto emocional de la formaci\u00f3n en sus colaboradores, crea espacios donde las personas se sienten escuchadas y bien valoradas, fortalece la cohesi\u00f3n, la [&hellip;]<\/p>\n","protected":false},"author":3,"featured_media":7796,"comment_status":"closed","ping_status":"closed","sticky":false,"template":"","format":"standard","meta":{"footnotes":""},"categories":[700],"tags":[],"class_list":["post-7795","post","type-post","status-publish","format-standard","has-post-thumbnail","hentry","category-mide-kpi-y-rentabilidad-roi"],"_links":{"self":[{"href":"https:\/\/idesaa.edu.mx\/blog\/wp-json\/wp\/v2\/posts\/7795","targetHints":{"allow":["GET"]}}],"collection":[{"href":"https:\/\/idesaa.edu.mx\/blog\/wp-json\/wp\/v2\/posts"}],"about":[{"href":"https:\/\/idesaa.edu.mx\/blog\/wp-json\/wp\/v2\/types\/post"}],"author":[{"embeddable":true,"href":"https:\/\/idesaa.edu.mx\/blog\/wp-json\/wp\/v2\/users\/3"}],"replies":[{"embeddable":true,"href":"https:\/\/idesaa.edu.mx\/blog\/wp-json\/wp\/v2\/comments?post=7795"}],"version-history":[{"count":4,"href":"https:\/\/idesaa.edu.mx\/blog\/wp-json\/wp\/v2\/posts\/7795\/revisions"}],"predecessor-version":[{"id":8026,"href":"https:\/\/idesaa.edu.mx\/blog\/wp-json\/wp\/v2\/posts\/7795\/revisions\/8026"}],"wp:featuredmedia":[{"embeddable":true,"href":"https:\/\/idesaa.edu.mx\/blog\/wp-json\/wp\/v2\/media\/7796"}],"wp:attachment":[{"href":"https:\/\/idesaa.edu.mx\/blog\/wp-json\/wp\/v2\/media?parent=7795"}],"wp:term":[{"taxonomy":"category","embeddable":true,"href":"https:\/\/idesaa.edu.mx\/blog\/wp-json\/wp\/v2\/categories?post=7795"},{"taxonomy":"post_tag","embeddable":true,"href":"https:\/\/idesaa.edu.mx\/blog\/wp-json\/wp\/v2\/tags?post=7795"}],"curies":[{"name":"wp","href":"https:\/\/api.w.org\/{rel}","templated":true}]}}